{"id":2356,"date":"2024-04-28T11:24:04","date_gmt":"2024-04-28T09:24:04","guid":{"rendered":"https:\/\/adin.hu\/?p=2356"},"modified":"2024-06-10T10:50:21","modified_gmt":"2024-06-10T08:50:21","slug":"jotekonysagi-sutivasar-derecske","status":"publish","type":"post","link":"https:\/\/adin.hu\/en\/jotekonysagi-sutivasar-derecske\/","title":{"rendered":"J\u00f3t\u00e9konys\u00e1gi s\u00fctiv\u00e1s\u00e1r (Derecske)"},"content":{"rendered":"<p>Szeretettel v\u00e1runk minden \u00e9dessz\u00e1j\u00fa vend\u00e9get \u00e9s j\u00f3sz\u00edv\u0171 t\u00e1mogat\u00f3t 2024. j\u00fanius 9-\u00e9n (vas\u00e1rnap) 14 \u00f3r\u00e1t\u00f3l a derecskei Party Hajl\u00e9kba (D\u00f3zsa Gy\u00f6rgy utca 36\/a.), ahol egy k\u00fcl\u00f6nleges j\u00f3t\u00e9konys\u00e1gi s\u00fctiv\u00e1s\u00e1rt rendez\u00fcnk \u00c1din jav\u00e1ra!<\/p>\n\n\n\n<p>A nap folyam\u00e1n lehet\u0151s\u00e9g lesz megk\u00f3stolni a helyi s\u00fctimesterek \u00e1ltal k\u00e9sz\u00edtett finoms\u00e1gok sz\u00e9les v\u00e1laszt\u00e9k\u00e1t, amelyek elad\u00e1s\u00e1b\u00f3l befoly\u00f3 \u00f6sszes bev\u00e9tel \u00c1din gy\u00f3gyul\u00e1s\u00e1t \u00e9s kezel\u00e9s\u00e9t fogja t\u00e1mogatni.<\/p>\n\n\n\n<p>Az esem\u00e9nyt k\u00e9t helyi szervez\u0151 koordin\u00e1lja, akik sz\u00edvesen fogadj\u00e1k az \u00e9rdekl\u0151d\u0151k s\u00fctem\u00e9nyfelaj\u00e1nl\u00e1sait. Amennyiben Te is szeretn\u00e9l hozz\u00e1j\u00e1rulni a s\u00fctik soksz\u00edn\u0171 k\u00edn\u00e1lat\u00e1hoz, keresheted ak\u00e1r az <a href=\"https:\/\/www.facebook.com\/andrea.krucso.9\" target=\"_blank\" rel=\"noreferrer noopener nofollow\">egyik<\/a>, ak\u00e1r a <a href=\"https:\/\/www.facebook.com\/szandra.fogarasi\" target=\"_blank\" rel=\"noreferrer noopener nofollow\">m\u00e1sik<\/a> szervez\u0151t is.<\/p>\n\n\n\n<p>A rendezv\u00e9ny kiv\u00e1l\u00f3 alkalom lesz a k\u00f6z\u00f6ss\u00e9g\u00e9p\u00edt\u00e9sre, ahol bar\u00e1tokkal, csal\u00e1ddal egy\u00fctt t\u00f6lthet\u00fcnk el egy kellemes d\u00e9lut\u00e1nt, mik\u00f6zben t\u00e1mogatjuk \u00c1din gy\u00f3gyul\u00e1s\u00e1t. Gyere el, \u00e9lvezd a finom s\u00fctem\u00e9nyeket \u00e9s tedd szebb\u00e9 egy kisfi\u00fa napj\u00e1t!<\/p>\n\n\n\n<p>V\u00e1runk szeretettel mindenkit, aki szereti a s\u00fctem\u00e9nyeket \u00e9s szeretne seg\u00edteni!<\/p>","protected":false},"excerpt":{"rendered":"<p>Id\u0151pont: 2024.06.09. 14:00<br \/>\nHelysz\u00edn: Party Hajl\u00e9k<\/p>","protected":false},"author":5,"featured_media":2359,"comment_status":"closed","ping_status":"open","sticky":false,"template":"","format":"standard","meta":{"footnotes":""},"categories":[15],"tags":[21],"class_list":["post-2356","post","type-post","status-publish","format-standard","has-post-thumbnail","hentry","category-rendezvenyek","tag-lezajlott"],"_links":{"self":[{"href":"https:\/\/adin.hu\/en\/wp-json\/wp\/v2\/posts\/2356","targetHints":{"allow":["GET"]}}],"collection":[{"href":"https:\/\/adin.hu\/en\/wp-json\/wp\/v2\/posts"}],"about":[{"href":"https:\/\/adin.hu\/en\/wp-json\/wp\/v2\/types\/post"}],"author":[{"embeddable":true,"href":"https:\/\/adin.hu\/en\/wp-json\/wp\/v2\/users\/5"}],"replies":[{"embeddable":true,"href":"https:\/\/adin.hu\/en\/wp-json\/wp\/v2\/comments?post=2356"}],"version-history":[{"count":4,"href":"https:\/\/adin.hu\/en\/wp-json\/wp\/v2\/posts\/2356\/revisions"}],"predecessor-version":[{"id":2427,"href":"https:\/\/adin.hu\/en\/wp-json\/wp\/v2\/posts\/2356\/revisions\/2427"}],"wp:featuredmedia":[{"embeddable":true,"href":"https:\/\/adin.hu\/en\/wp-json\/wp\/v2\/media\/2359"}],"wp:attachment":[{"href":"https:\/\/adin.hu\/en\/wp-json\/wp\/v2\/media?parent=2356"}],"wp:term":[{"taxonomy":"category","embeddable":true,"href":"https:\/\/adin.hu\/en\/wp-json\/wp\/v2\/categories?post=2356"},{"taxonomy":"post_tag","embeddable":true,"href":"https:\/\/adin.hu\/en\/wp-json\/wp\/v2\/tags?post=2356"}],"curies":[{"name":"wp","href":"https:\/\/api.w.org\/{rel}","templated":true}]}}