{"id":2394,"date":"2024-05-02T17:28:23","date_gmt":"2024-05-02T15:28:23","guid":{"rendered":"https:\/\/adin.hu\/?p=2394"},"modified":"2024-07-15T10:54:16","modified_gmt":"2024-07-15T08:54:16","slug":"jotekonysagi-motoros-gurulas","status":"publish","type":"post","link":"https:\/\/adin.hu\/de\/jotekonysagi-motoros-gurulas\/","title":{"rendered":"Benefiz-Motorradfahrt"},"content":{"rendered":"<p>2024. j\u00falius 14-\u00e9n Tiszaf\u00fcred v\u00e1rosa ad otthont a Tisza-t\u00f3 Fesztnek, egy k\u00fcl\u00f6nleges j\u00f3t\u00e9konys\u00e1gi esem\u00e9nynek, mely a motoroz\u00e1s \u00e9s a k\u00f6z\u00f6ss\u00e9gi \u00e9lm\u00e9nyek jegy\u00e9ben ker\u00fcl megrendez\u00e9sre a Halas t\u00e9ren. Az esem\u00e9ny f\u0151 c\u00e9lja a gy\u00f3gyul\u00e1sra szorul\u00f3 \u00c1din t\u00e1mogat\u00e1sa, aki a motoros k\u00f6z\u00f6ss\u00e9g egyik tagj\u00e1nak gyermeke.<\/p>\n\n\n\n<p>A rendezv\u00e9ny m\u00e1r j\u00falius 13-\u00e1n kezdet\u00e9t veszi egy motoros s\u00fct\u0151-f\u0151z\u0151versennyel az Albatrosz kik\u00f6t\u0151ben. M\u00e1snap, a fesztiv\u00e1l napj\u00e1n, reggel 9:15-t\u0151l motoros &#8222;beatmise&#8221; veszi kezdet\u00e9t Dr. Boross Laci Atya vezet\u00e9s\u00e9vel. Aki k\u00e9s\u0151bb \u00e9rkezik, az 10:30 \u00e9s 10:55 k\u00f6z\u00f6tt csatlakozhat a motoros k\u00f6zponti gy\u00fclekez\u0151h\u00f6z a tiszaf\u00fcredi Shell benzink\u00fatn\u00e1l, ahonnan 11 \u00f3rakor k\u00f6z\u00f6s bevonul\u00e1st terveznek a Halas t\u00e9rre.<\/p>\n\n\n\n<p>A nap folyam\u00e1n t\u00f6bb kieg\u00e9sz\u00edt\u0151 program is v\u00e1rja az \u00e9rdekl\u0151d\u0151ket. \u00d3r\u00e1nk\u00e9nt indul\u00f3 csoportos Tisza-tavi cs\u00f3nak\u00e1z\u00e1s, eg\u00e9sz napos j\u00f3t\u00e9konys\u00e1gi f\u00e9rfi hajv\u00e1g\u00e1s, valamint j\u00f3t\u00e9konys\u00e1gi csontkov\u00e1csol\u00e1s szolg\u00e1lja a jelenl\u00e9v\u0151k k\u00e9nyelm\u00e9t \u00e9s j\u00f3ll\u00e9t\u00e9t.<\/p>\n\n\n\n<p>Mindemellett motoros sz\u00e9ps\u00e9gversenyre \u00e9s gyorsul\u00e1si versenyre ker\u00fcl sor, melyeket&nbsp;koncert, tombola \u00e9s d\u00edj\u00e1tad\u00f3 k\u00f6vet. Az eg\u00e9sz napos programot meglepet\u00e9s szt\u00e1rvend\u00e9gek is sz\u00ednes\u00edtik. Az est\u00e9t a foci EB kivet\u00edt\u0151n t\u00f6rt\u00e9n\u0151 k\u00f6zvet\u00edt\u00e9se z\u00e1rja.<\/p>\n\n\n\n<p>A rendezv\u00e9ny alatt sz\u00e1mos sz\u00f3rakoztat\u00f3 elem, mint \u00f3ri\u00e1sker\u00e9k, c\u00e9ll\u00f6v\u00f6lde, dodgem, b\u00fcf\u00e9, zsibv\u00e1s\u00e1r \u00e9s b\u00f6rze \u00e1ll a l\u00e1togat\u00f3k rendelkez\u00e9s\u00e9re,&nbsp;garant\u00e1lva a fesztiv\u00e1li hangulatot.<\/p>\n\n\n\n<p>A rendezv\u00e9ny minden bev\u00e9tel\u00e9t \u00c1din kezel\u00e9s\u00e9re \u00e9s a csal\u00e1d t\u00e1mogat\u00e1s\u00e1ra ford\u00edtj\u00e1k, \u00edgy minden l\u00e1togat\u00f3, ki\u00e1ll\u00edt\u00f3 \u00e9s szponzor jelenl\u00e9t\u00e9vel \u00e9s hozz\u00e1j\u00e1rul\u00e1s\u00e1val k\u00f6zvetlen\u00fcl seg\u00edtheti a kisfi\u00fa fel\u00e9p\u00fcl\u00e9s\u00e9t.<\/p>\n\n\n\n<p>A Tisza-t\u00f3 Feszt k\u00f6z\u00f6ss\u00e9gi \u00f6sszefog\u00e1sk\u00e9nt nemcsak a j\u00f3 \u00fcgyet szolg\u00e1lja, hanem felejthetetlen \u00e9lm\u00e9nyt is k\u00edn\u00e1l minden koroszt\u00e1lynak.<\/p>\n\n\n\n<p>Tov\u00e1bbi r\u00e9szletek\u00e9rt k\u00f6vess\u00e9tek az esem\u00e9ny Facebook-oldal\u00e1t: <a href=\"https:\/\/www.google.com\/url?q=https:\/\/www.facebook.com\/events\/1626608488112596\/?acontext%3D%257B%2522event_action_history%2522%253A%255B%257B%2522surface%2522%253A%2522group%2522%257D%255D%257D&amp;sa=D&amp;source=calendar&amp;ust=1716132492134154&amp;usg=AOvVaw3e2Q11000EgQDkknk6K6yL\" target=\"_blank\" rel=\"noreferrer noopener\">Tisza-t\u00f3 Feszt<\/a>!<\/p>","protected":false},"excerpt":{"rendered":"<p>Datum: 14.07.2024. 9:15-19:00 Uhr<br \/>\nStandort: Tiszaf\u00fcred, Halas t\u00e9r<\/p>","protected":false},"author":5,"featured_media":2398,"comment_status":"closed","ping_status":"open","sticky":false,"template":"","format":"standard","meta":{"footnotes":""},"categories":[15],"tags":[21],"class_list":["post-2394","post","type-post","status-publish","format-standard","has-post-thumbnail","hentry","category-rendezvenyek","tag-lezajlott"],"_links":{"self":[{"href":"https:\/\/adin.hu\/de\/wp-json\/wp\/v2\/posts\/2394","targetHints":{"allow":["GET"]}}],"collection":[{"href":"https:\/\/adin.hu\/de\/wp-json\/wp\/v2\/posts"}],"about":[{"href":"https:\/\/adin.hu\/de\/wp-json\/wp\/v2\/types\/post"}],"author":[{"embeddable":true,"href":"https:\/\/adin.hu\/de\/wp-json\/wp\/v2\/users\/5"}],"replies":[{"embeddable":true,"href":"https:\/\/adin.hu\/de\/wp-json\/wp\/v2\/comments?post=2394"}],"version-history":[{"count":1,"href":"https:\/\/adin.hu\/de\/wp-json\/wp\/v2\/posts\/2394\/revisions"}],"predecessor-version":[{"id":2396,"href":"https:\/\/adin.hu\/de\/wp-json\/wp\/v2\/posts\/2394\/revisions\/2396"}],"wp:featuredmedia":[{"embeddable":true,"href":"https:\/\/adin.hu\/de\/wp-json\/wp\/v2\/media\/2398"}],"wp:attachment":[{"href":"https:\/\/adin.hu\/de\/wp-json\/wp\/v2\/media?parent=2394"}],"wp:term":[{"taxonomy":"category","embeddable":true,"href":"https:\/\/adin.hu\/de\/wp-json\/wp\/v2\/categories?post=2394"},{"taxonomy":"post_tag","embeddable":true,"href":"https:\/\/adin.hu\/de\/wp-json\/wp\/v2\/tags?post=2394"}],"curies":[{"name":"wp","href":"https:\/\/api.w.org\/{rel}","templated":true}]}}