{"id":2380,"date":"2024-04-30T15:18:36","date_gmt":"2024-04-30T13:18:36","guid":{"rendered":"https:\/\/adin.hu\/?p=2380"},"modified":"2024-07-01T11:12:02","modified_gmt":"2024-07-01T09:12:02","slug":"jotekonysagi-elmenyfestes-adinert","status":"publish","type":"post","link":"https:\/\/adin.hu\/de\/jotekonysagi-elmenyfestes-adinert\/","title":{"rendered":"Benefiz-Erlebnismalerei f\u00fcr \u00c1din"},"content":{"rendered":"<p>2024. j\u00fanius 29-\u00e9n Debrecen v\u00e1ros sz\u00edv\u00e9ben, a Piac utca 75. sz\u00e1m alatt egy rendk\u00edv\u00fcli esem\u00e9nyre ker\u00fcl sor, amikor is egy k\u00fcl\u00f6nleges kisfi\u00fa, \u00c1din sz\u00e1m\u00e1ra szervez\u00fcnk j\u00f3t\u00e9konys\u00e1gi \u00e9lm\u00e9nyfest\u00e9st.<\/p>\n\n\n\n<p>Az esem\u00e9ny c\u00e9lja, hogy t\u00e1mogat\u00e1st gy\u0171jts\u00fcnk \u00c1din gy\u00f3gyul\u00e1s\u00e1hoz, aki t\u00f6rt\u00e9net\u00e9vel m\u00e1r sz\u00e1mos ember sz\u00edv\u00e9t meg\u00e9rintette. A r\u00e9szv\u00e9teli d\u00edj 13.000 forint, melyb\u0151l 10.000 forint k\u00f6zvetlen\u00fcl \u00c1din gy\u00f3gykezel\u00e9s\u00e9t t\u00e1mogatja.<\/p>\n\n\n\n<p>Az esem\u00e9ny d\u00e9lel\u0151tt 9 \u00f3rakor kezd\u0151dik \u00e9s 3 \u00f3r\u00e1s m\u0171v\u00e9szeti alkot\u00f3munka v\u00e1rja azokat, akik szeretn\u00e9nek r\u00e9szt venni ezen a k\u00fcl\u00f6nleges napon. A festm\u00e9nyek, amelyeket k\u00e9sz\u00edteni fogunk, csillagokkal \u00e9s apr\u00f3 bolyg\u00f3kkal lesznek teli, melyek s\u00f6t\u00e9tben is vil\u00e1g\u00edtanak majd, \u00edgy teremtve var\u00e1zslatos l\u00e1tv\u00e1nyt. Ez a festm\u00e9ny nemcsak dekorat\u00edv eleme lesz otthonodnak, hanem \u00c1din gy\u00f3gyul\u00e1s\u00e1hoz is hozz\u00e1j\u00e1rul.<\/p>\n\n\n\n<p>A festm\u00e9ny elk\u00e9sz\u00edt\u00e9s\u00e9hez nem sz\u00fcks\u00e9ges el\u0151zetes rajztud\u00e1s, a st\u00fadi\u00f3 minden eszk\u00f6zt biztos\u00edt, \u00edgy csak a j\u00f3kedvedet kell magaddal hoznod. Ezen fel\u00fcl lehet\u0151s\u00e9g lesz tov\u00e1bbi adom\u00e1nyokat is helyezni egy k\u00fcl\u00f6n erre a c\u00e9lra kihelyezett adom\u00e1nygy\u0171jt\u0151 dobozba.<\/p>\n\n\n\n<p>Sajnos a hely adotts\u00e1gai miatt k\u00eds\u00e9r\u0151ket nem tudunk fogadni, \u00edgy k\u00e9r\u00fcnk mindenkit, hogy csak festeni \u00e9rkezzen!<\/p>\n\n\n\n<p>Gyere el, t\u00f6lts vel\u00fcnk egy \u00e9lm\u00e9nyekkel teli d\u00e9lel\u0151tt\u00f6t, seg\u00edtsd \u00c1din gy\u00f3gyul\u00e1s\u00e1t \u00e9s legy\u00e9l r\u00e9szese ennek a k\u00f6z\u00f6ss\u00e9gi, inspir\u00e1l\u00f3 fest\u00e9si \u00e9lm\u00e9nynek!<\/p>\n\n\n\n<p>Tov\u00e1bbi inform\u00e1ci\u00f3k \u00e9s jegyv\u00e1s\u00e1rl\u00e1s: <a href=\"https:\/\/elmenydebrecen.hu\/product\/kis-herceg-jotekonysagi-elmenyfestes-adinert-06-29-szombat-9-oratol\/?fbclid=IwZXh0bgNhZW0CMTAAAR2suOBWLXYWYTMHVe5YHs54jUPgSUG1bXRUti43ZgCD8qTj7fJs8STbLcs_aem_AdOfXKTWuvBPg4V3X7CvFqaW64pgSWtsKNSsYfP88Vx_ssqDNixKG1mUcEliejApkNd70Mn0aKzUO6H1L0VJ1P_S\">elmenydebrecen.hu<\/a>.<\/p>\n\n\n\n<p>V\u00e1runk szeretettel mindenkit, aki hozz\u00e1 k\u00edv\u00e1n j\u00e1rulni \u00c1din gy\u00f3gyul\u00e1s\u00e1hoz a fest\u00e9szet m\u0171v\u00e9szet\u00e9n kereszt\u00fcl!<\/p>","protected":false},"excerpt":{"rendered":"<p>Datum: 29.06.2024. 9:00-12:00 Uhr<br \/>\nStandort: Debrecen, Piac utca 75.<br \/>\nTicketpreis: 13.000 HUF<\/p>","protected":false},"author":5,"featured_media":2381,"comment_status":"closed","ping_status":"open","sticky":false,"template":"","format":"standard","meta":{"footnotes":""},"categories":[15],"tags":[21],"class_list":["post-2380","post","type-post","status-publish","format-standard","has-post-thumbnail","hentry","category-rendezvenyek","tag-lezajlott"],"_links":{"self":[{"href":"https:\/\/adin.hu\/de\/wp-json\/wp\/v2\/posts\/2380","targetHints":{"allow":["GET"]}}],"collection":[{"href":"https:\/\/adin.hu\/de\/wp-json\/wp\/v2\/posts"}],"about":[{"href":"https:\/\/adin.hu\/de\/wp-json\/wp\/v2\/types\/post"}],"author":[{"embeddable":true,"href":"https:\/\/adin.hu\/de\/wp-json\/wp\/v2\/users\/5"}],"replies":[{"embeddable":true,"href":"https:\/\/adin.hu\/de\/wp-json\/wp\/v2\/comments?post=2380"}],"version-history":[{"count":2,"href":"https:\/\/adin.hu\/de\/wp-json\/wp\/v2\/posts\/2380\/revisions"}],"predecessor-version":[{"id":2384,"href":"https:\/\/adin.hu\/de\/wp-json\/wp\/v2\/posts\/2380\/revisions\/2384"}],"wp:featuredmedia":[{"embeddable":true,"href":"https:\/\/adin.hu\/de\/wp-json\/wp\/v2\/media\/2381"}],"wp:attachment":[{"href":"https:\/\/adin.hu\/de\/wp-json\/wp\/v2\/media?parent=2380"}],"wp:term":[{"taxonomy":"category","embeddable":true,"href":"https:\/\/adin.hu\/de\/wp-json\/wp\/v2\/categories?post=2380"},{"taxonomy":"post_tag","embeddable":true,"href":"https:\/\/adin.hu\/de\/wp-json\/wp\/v2\/tags?post=2380"}],"curies":[{"name":"wp","href":"https:\/\/api.w.org\/{rel}","templated":true}]}}