{"id":2363,"date":"2024-04-29T11:48:00","date_gmt":"2024-04-29T09:48:00","guid":{"rendered":"https:\/\/adin.hu\/?p=2363"},"modified":"2024-06-17T10:58:27","modified_gmt":"2024-06-17T08:58:27","slug":"jotekonysagi-sutivasar-hajdusamson","status":"publish","type":"post","link":"https:\/\/adin.hu\/de\/jotekonysagi-sutivasar-hajdusamson\/","title":{"rendered":"Benefiz-Keksmesse (Hajd\u00fas\u00e1mson)"},"content":{"rendered":"<p>Gyere \u00e9s t\u00f6ltsd vel\u00fcnk ezt a csod\u00e1s d\u00e9lut\u00e1nt Hajd\u00fas\u00e1mson sz\u00edv\u00e9ben, ahol szeretettel v\u00e1runk mindenkit egy k\u00fcl\u00f6nleges j\u00f3t\u00e9konys\u00e1gi s\u00fctiv\u00e1s\u00e1rra! Az esem\u00e9nyt \u00c1dinnak rendezz\u00fck, aki b\u00e1tor k\u00fczdelm\u00e9ben mindannyiunk t\u00e1mogat\u00e1s\u00e1t \u00e9s szeretet\u00e9t ig\u00e9nyli.<\/p>\n\n\n\n<p>A rendezv\u00e9ny 2024. j\u00fanius 14-\u00e9n (p\u00e9nteken) ker\u00fcl megrendez\u00e9sre, 14:00 \u00e9s 18:00 \u00f3ra k\u00f6z\u00f6tt az Eszterl\u00e1nc \u00d3voda parkol\u00f3j\u00e1ban (Kossuth \u00fat 11-17.).<\/p>\n\n\n\n<p>K\u00edn\u00e1latunkban sz\u00e1mtalan \u00ednycsikland\u00f3 s\u00fctem\u00e9ny kap helyet. A bev\u00e9tel teljes eg\u00e9sz\u00e9ben \u00c1din gy\u00f3gyul\u00e1s\u00e1t \u00e9s kezel\u00e9seit fogja t\u00e1mogatni.<\/p>\n\n\n\n<p>Szervez\u0151nk, Szalai-Nemes Judit (el\u00e9rhet\u0151s\u00e9ge: <a href=\"https:\/\/www.google.com\/url?q=https:\/\/www.facebook.com\/judit.nemes.12&amp;sa=D&amp;source=calendar&amp;ust=1716024643091018&amp;usg=AOvVaw1mQqIwv4SJTfbjgalx_1XU\" target=\"_blank\" rel=\"noreferrer noopener\">https:\/\/www.facebook.com\/judit.nemes.12<\/a>) mindenkit sz\u00edv\u00e9lyesen v\u00e1r \u00e9s \u00f6r\u00f6mmel fogad minden seg\u00edt\u0151 kezet vagy s\u00fctem\u00e9nyadom\u00e1nyt.<\/p>\n\n\n\n<p>Ez a nap t\u00f6k\u00e9letes alkalom lesz arra, hogy \u00f6sszegy\u0171lj\u00fcnk, besz\u00e9lgess\u00fcnk \u00e9s j\u00f3t tegy\u00fcnk, mik\u00f6zben finomabbn\u00e1l finomabb s\u00fctem\u00e9nyekkel k\u00e9nyeztetj\u00fck magunkat.<\/p>\n\n\n\n<p>Gyere el, hozd magaddal a bar\u00e1taidat, csal\u00e1dodat \u00e9s t\u00e1mogassuk egy\u00fctt \u00c1din gy\u00f3gyul\u00e1s\u00e1t ezen az \u00f6sszetart\u00f3 d\u00e9lut\u00e1non!<\/p>\n\n\n\n<p>Wir freuen uns darauf, dich zu sehen!<\/p>","protected":false},"excerpt":{"rendered":"<p>Datum: 14.06.2024. 14:00-18:00 Uhr<br \/>\nStandort: Parkplatz des Kindergartens Eszterl\u00e1nc<\/p>","protected":false},"author":5,"featured_media":2408,"comment_status":"closed","ping_status":"open","sticky":false,"template":"","format":"standard","meta":{"footnotes":""},"categories":[15],"tags":[21],"class_list":["post-2363","post","type-post","status-publish","format-standard","has-post-thumbnail","hentry","category-rendezvenyek","tag-lezajlott"],"_links":{"self":[{"href":"https:\/\/adin.hu\/de\/wp-json\/wp\/v2\/posts\/2363","targetHints":{"allow":["GET"]}}],"collection":[{"href":"https:\/\/adin.hu\/de\/wp-json\/wp\/v2\/posts"}],"about":[{"href":"https:\/\/adin.hu\/de\/wp-json\/wp\/v2\/types\/post"}],"author":[{"embeddable":true,"href":"https:\/\/adin.hu\/de\/wp-json\/wp\/v2\/users\/5"}],"replies":[{"embeddable":true,"href":"https:\/\/adin.hu\/de\/wp-json\/wp\/v2\/comments?post=2363"}],"version-history":[{"count":3,"href":"https:\/\/adin.hu\/de\/wp-json\/wp\/v2\/posts\/2363\/revisions"}],"predecessor-version":[{"id":2407,"href":"https:\/\/adin.hu\/de\/wp-json\/wp\/v2\/posts\/2363\/revisions\/2407"}],"wp:featuredmedia":[{"embeddable":true,"href":"https:\/\/adin.hu\/de\/wp-json\/wp\/v2\/media\/2408"}],"wp:attachment":[{"href":"https:\/\/adin.hu\/de\/wp-json\/wp\/v2\/media?parent=2363"}],"wp:term":[{"taxonomy":"category","embeddable":true,"href":"https:\/\/adin.hu\/de\/wp-json\/wp\/v2\/categories?post=2363"},{"taxonomy":"post_tag","embeddable":true,"href":"https:\/\/adin.hu\/de\/wp-json\/wp\/v2\/tags?post=2363"}],"curies":[{"name":"wp","href":"https:\/\/api.w.org\/{rel}","templated":true}]}}