{"id":2319,"date":"2024-04-22T15:56:39","date_gmt":"2024-04-22T13:56:39","guid":{"rendered":"https:\/\/adin.hu\/?p=2319"},"modified":"2024-06-03T17:00:11","modified_gmt":"2024-06-03T15:00:11","slug":"de-zenemuveszeti-karanak-jotekonysagi-koncertje","status":"publish","type":"post","link":"https:\/\/adin.hu\/de\/de-zenemuveszeti-karanak-jotekonysagi-koncertje\/","title":{"rendered":"Debreceni Egyetem Zenem\u0171v\u00e9szeti Kar\u00e1nak j\u00f3t\u00e9konys\u00e1gi koncertje"},"content":{"rendered":"<p>2024. m\u00e1jus 31-\u00e9n, p\u00e9nteken este 19:00 \u00f3rakor a Debreceni Egyetem Zenem\u0171v\u00e9szeti Kar\u00e1nak hallgat\u00f3i egy k\u00fcl\u00f6nleges j\u00f3t\u00e9konys\u00e1gi koncerttel v\u00e1rj\u00e1k az \u00e9rdekl\u0151d\u0151ket a Liszt teremben (4032 Debrecen, Nagyerdei krt. 82.). A kapuk m\u00e1r 18:30-kor megny\u00edlnak, \u00edgy a l\u00e1togat\u00f3k k\u00e9nyelmesen elfoglalhatj\u00e1k hely\u00fcket \u00e9s felk\u00e9sz\u00fclhetnek a zenei \u00e9lm\u00e9nyre.<\/p>\n\n\n\n<p>A koncerten olyan vil\u00e1gh\u00edr\u0171 zeneszerz\u0151k m\u0171vei csend\u00fclnek fel, mint Robert Schumann, Edvard Grieg \u00e9s Doppler Ferenc, valamint modern szerz\u0151k, p\u00e9ld\u00e1ul Chick Corea, Irving Berlin, Floyd Werle \u00e9s Jeffrey Agrell kompoz\u00edci\u00f3i is hallhat\u00f3k lesznek. Ez a v\u00e1ltozatos m\u0171sor nemcsak a klasszikus zene rajong\u00f3it, hanem a jazz \u00e9s a modern zene kedvel\u0151it is k\u00e9pes lesz mag\u00e1val ragadni.<\/p>\n\n\n\n<p>&#8222;JEGYV\u00c1S\u00c1RL\u00c1S&#8221;: Nincs klasszikus \u00e9rtelemben vett jegy\u00e1r, annyit adom\u00e1nyozol, amennyit tudsz vagy szeretn\u00e9l. Ha biztos\u00edtani szeretn\u00e9d a helyed, akkor online bankk\u00e1rty\u00e1val vagy PayPal-lal tudsz adom\u00e1nyt eljuttatni \u00c1dinnak, a helysz\u00ednen a visszaigazol\u00f3 emailt kell majd felmutatnod.<\/p>\n\n\n\n<p>Ha nem szeretn\u00e9l bankk\u00e1rty\u00e1val fizetni el\u0151re \u00e9s maradnak szabad helyek a rendezv\u00e9ny reggel\u00e9n is, akkor van lehet\u0151s\u00e9g arra is, hogy a helysz\u00ednen dobj adom\u00e1nyt \u00c1din gy\u0171jt\u0151l\u00e1d\u00e1j\u00e1ba, T\u00e9ged is ugyan\u00fagy megillet majd a bel\u00e9p\u00e9s.<\/p>\n\n\n\n<p>Ez az est nemcsak a zen\u00e9r\u0151l sz\u00f3l, hanem arr\u00f3l is, hogy a k\u00f6z\u00f6ss\u00e9g tagjai \u00f6sszefogjanak \u00e9s t\u00e1mogassanak egy nemes c\u00e9lt, egy beteg kisfi\u00fa gy\u00f3gyul\u00e1s\u00e1t.<\/p>","protected":false},"excerpt":{"rendered":"<p>Id\u0151pont: 2024.05.31. 19:00<br \/>\nHelysz\u00edn: DE Zenem\u0171v\u00e9szeti Kar<\/p>","protected":false},"author":5,"featured_media":2431,"comment_status":"closed","ping_status":"open","sticky":false,"template":"","format":"standard","meta":{"footnotes":""},"categories":[41,15],"tags":[21],"class_list":["post-2319","post","type-post","status-publish","format-standard","has-post-thumbnail","hentry","category-jegyvasarlassal","category-rendezvenyek","tag-lezajlott"],"_links":{"self":[{"href":"https:\/\/adin.hu\/de\/wp-json\/wp\/v2\/posts\/2319","targetHints":{"allow":["GET"]}}],"collection":[{"href":"https:\/\/adin.hu\/de\/wp-json\/wp\/v2\/posts"}],"about":[{"href":"https:\/\/adin.hu\/de\/wp-json\/wp\/v2\/types\/post"}],"author":[{"embeddable":true,"href":"https:\/\/adin.hu\/de\/wp-json\/wp\/v2\/users\/5"}],"replies":[{"embeddable":true,"href":"https:\/\/adin.hu\/de\/wp-json\/wp\/v2\/comments?post=2319"}],"version-history":[{"count":6,"href":"https:\/\/adin.hu\/de\/wp-json\/wp\/v2\/posts\/2319\/revisions"}],"predecessor-version":[{"id":2424,"href":"https:\/\/adin.hu\/de\/wp-json\/wp\/v2\/posts\/2319\/revisions\/2424"}],"wp:featuredmedia":[{"embeddable":true,"href":"https:\/\/adin.hu\/de\/wp-json\/wp\/v2\/media\/2431"}],"wp:attachment":[{"href":"https:\/\/adin.hu\/de\/wp-json\/wp\/v2\/media?parent=2319"}],"wp:term":[{"taxonomy":"category","embeddable":true,"href":"https:\/\/adin.hu\/de\/wp-json\/wp\/v2\/categories?post=2319"},{"taxonomy":"post_tag","embeddable":true,"href":"https:\/\/adin.hu\/de\/wp-json\/wp\/v2\/tags?post=2319"}],"curies":[{"name":"wp","href":"https:\/\/api.w.org\/{rel}","templated":true}]}}